{"id":4782,"date":"2018-04-27T13:45:03","date_gmt":"2018-04-27T11:45:03","guid":{"rendered":"https:\/\/enervis.de\/post-groningen-aera-schneller-als-erwartet\/"},"modified":"2022-04-28T11:35:19","modified_gmt":"2022-04-28T09:35:19","slug":"post-groningen-aera-schneller-als-erwartet-2","status":"publish","type":"post","link":"https:\/\/enervis.de\/en\/post-groningen-aera-schneller-als-erwartet-2\/","title":{"rendered":"Post-Groningen \u00c4ra schneller als erwartet EN"},"content":{"rendered":"<p>English:<\/p>\n<p>Im Januar bebte die Erde in Groningen, anschlie\u00dfend die Gaswirtschaft. Der Ausstieg aus dem L-Gas kommt schneller als urspr\u00fcnglich erwartet und wird je nach Ausgestaltung und Erfolg den L- Gasmarkt oder die gesamte Gaswirtschaft betreffen. Die niederl\u00e4ndische Regierung hat F\u00f6rderk\u00fcrzungen in Groningen beschlossen und s\u00e4mtliche Verbrauchs- und Produktionsl\u00e4nder m\u00fcssen ihren Beitrag zur Kompensation leisten. Aber reicht dies aus, um die Versorgungssicherheit im L-Gas zu gew\u00e4hrleisten und welche Signalwirkungen haben die beschlossenen Ma\u00dfnahmen?<\/p>\n<p><span style=\"color: #e98300;\"><strong>Der L-Gasmarkt<br \/>\n<\/strong><\/span><\/p>\n<p>Die Niederlande sind der wichtigste Lieferant von L-Gas f\u00fcr Deutschland, Belgien und Frankreich. Neben der reinen Bereitstellung von Gasmengen sind die Niederlande zus\u00e4tzlich ein wichtiger Flexibilit\u00e4tslieferant f\u00fcr die L-Gasm\u00e4rkte. Nachfolgendes Schaubild verdeutlicht die Rolle der Niederlande als einziger L-Gasexporteur. Die mit L-Gas versorgten Gebiete sind daher direkt von F\u00f6rderk\u00fcrzungen in den Niederlanden betroffen.<\/p>\n<p><img loading=\"lazy\" decoding=\"async\" class=\"alignnone wp-image-7313 size-full\" src=\"https:\/\/enervis.de\/wp-content\/uploads\/2018\/04\/LGAS-NEU.jpg\" alt=\"\" width=\"759\" height=\"685\" srcset=\"https:\/\/enervis.de\/wp-content\/uploads\/2018\/04\/LGAS-NEU.jpg 759w, https:\/\/enervis.de\/wp-content\/uploads\/2018\/04\/LGAS-NEU-150x135.jpg 150w, https:\/\/enervis.de\/wp-content\/uploads\/2018\/04\/LGAS-NEU-300x271.jpg 300w\" sizes=\"auto, (max-width: 759px) 100vw, 759px\" \/><\/p>\n<p>Abbildung 1: Bereitstellung (F\u00f6rderung und technische Konvertierung) und Verbrauch von L-Gas<\/p>\n<p><span style=\"color: #e98300;\"><strong>Die L-Gasproduktion in den Niederlanden<br \/>\n<\/strong><\/span><\/p>\n<p>Anfang der 2010er Jahre nahm die Erdbebenaktivit\u00e4t um Groningen deutlich zu. Gleichzeitig stieg auch die Anzahl regulatorischer Eingriffe in die Gasproduktion. In den folgenden Jahren wurden die maximalen F\u00f6rdermengen sukzessive gedrosselt:<\/p>\n<ul>\n<li><em><u>Im Jahr 2014<\/u><\/em> wurde die maximale F\u00f6rdermenge in einem Kaltjahr von 42 bcm\/a auf 33 bcm\/a abgesenkt.<\/li>\n<li><em><u>Im Juni 2016<\/u><\/em> wurde eine Reduktion auf 30&nbsp;bcm\/a als Obergrenze beschlossen.<\/li>\n<li><em><u>Im April 2017<\/u><\/em> wurde diese Obergrenze um weitere 10% auf dann 27 bcm\/a reduziert.<\/li>\n<li><em><u>Im November 2017<\/u><\/em> erkl\u00e4rte das Oberste Verwaltungsgericht der Niederlande s\u00e4mtliche Beschl\u00fcsse zu Groningen f\u00fcr ung\u00fcltig. Es stellte jedoch klar: Die F\u00f6rderung darf keinesfalls h\u00f6her als die letzte Festlegung von 27 bcm\/a in einem kalten Jahr sein.<\/li>\n<\/ul>\n<p>Kurz darauf ereignete sich im Januar 2018 in Groningen das st\u00e4rkste Beben seit 2012. Dies belebte die politische Diskussion und stellt die Gaswirtschaft nun vor gro\u00dfe Herausforderungen. Im M\u00e4rz 2018 beschloss die niederl\u00e4ndische Regierung weitere Ma\u00dfnahmen zur Eind\u00e4mmung der Erdbebengefahr. Diese umfassen zus\u00e4tzliche F\u00f6rderk\u00fcrzungen und erstmals eine Reduktion des Verbrauchs von L-Gas.<\/p>\n<p><img loading=\"lazy\" decoding=\"async\" class=\"alignnone wp-image-7308\" src=\"https:\/\/enervis.de\/wp-content\/uploads\/2018\/04\/Produktion-in-Groningenfeld.png\" alt=\"\" width=\"600\" height=\"343\" srcset=\"https:\/\/enervis.de\/wp-content\/uploads\/2018\/04\/Produktion-in-Groningenfeld.png 555w, https:\/\/enervis.de\/wp-content\/uploads\/2018\/04\/Produktion-in-Groningenfeld-150x86.png 150w, https:\/\/enervis.de\/wp-content\/uploads\/2018\/04\/Produktion-in-Groningenfeld-300x171.png 300w\" sizes=\"auto, (max-width: 600px) 100vw, 600px\" \/><\/p>\n<p>Abbildung 2: Historische und erwartete Produktion im Groningenfeld<\/p>\n<p>Die F\u00f6rderk\u00fcrzungen umfassen eine deutliche Absenkung der Obergrenze auf 12 bcm\/a. Diese soll sp\u00e4testens im Oktober 2022 erreicht werden. Anschlie\u00dfend soll die Groningenproduktion bis 2030 komplett eingestellt werden. Abbildung 2 veranschaulicht die historische Produktion im Groningenfeld, sowie die geplanten F\u00f6rderk\u00fcrzungen.<\/p>\n<p>Die H\u00e4ufigkeit regulatorischer Eingriffe in die Groningenproduktion hat in den vergangenen Jahren deutlich zugenommen. Mittlerweile sind Einschr\u00e4nkungen vorhanden, mit denen die Versorgung nicht ohne weitere kompensierende Ma\u00dfnahmen gew\u00e4hrleistet werden kann. Aus diesem Grund wurde keine sofortige F\u00f6rderbegrenzung, sondern lediglich ein Absenkungspfad beschlossen. Weiterhin wurde der Neubau einer gro\u00dfen technischen Konvertierungsanlage und verschiedene Ma\u00dfnahmen im Verbrauchssegment angek\u00fcndigt.<\/p>\n<p><strong><span style=\"color: #e98300;\">Ma\u00dfnahmen zur Absatzregulierung in Holland<\/span><\/strong><\/p>\n<p>Um den Gasverbrauch von L- bzw. G(roningen)-Gas in den Niederlanden deutlich zu reduzieren, sollen 170 industrielle Gro\u00dfverbraucher auf die Verwendung von niederkalorischem Gas bis 2022 verzichten. In Summe k\u00f6nnten hierdurch etwa 4,4 bcm\/a eingespart werden, was die niederkalorische Erdgasbilanz sp\u00fcrbar entlasten w\u00fcrde. Das niederl\u00e4ndische Wirtschaftsministerium macht in diesem Segment keine technologischen Vorgaben, wie und mit welchem Energietr\u00e4ger zuk\u00fcnftig Energie oder Kohlenstoffe bereitgestellt werden sollen.<\/p>\n<p>Im Kleinkundenbereich sind jedoch explizite Vorgaben geplant. So stellt das niederl\u00e4ndische Wirtschaftsministerium klar, dass es in der aktuellen Legislaturperiode zum Standard werden soll, bei Neubauten kein Gas mehr zu verwenden. Dies stellt einen harten Einschnitt f\u00fcr die Gaswirtschaft der Niederlande dar und zementiert zuk\u00fcnftige Entwicklungspfade ohne Marktmechanismen durch Technologieverbote.<\/p>\n<p>Weiterhin werden auch Bestandsbauten in den Ma\u00dfnahmen ber\u00fccksichtigt. 30-50 tausend Einheiten sollen j\u00e4hrlich Erdgas-frei umgebaut werden. Bereits in 2018 soll mit ersten Wohnvierteln begonnen werden. Die angespannte Versorgungssituation im L-Gasmarkt f\u00fchrt nun zu Technologieverboten und scheinbar zu ordnungspolitischen Eingriffen. Gleichzeitig werden diese Ma\u00dfnahmen mit dem notwendigen Erreichen von CO<sub>2<\/sub> Zielen begr\u00fcndet.<\/p>\n<p><span style=\"color: #e98300;\"><strong>Ist das eine Blaupause f\u00fcr Deutschland?<br \/>\n<\/strong><\/span><\/p>\n<p>Die Formulierungen erinnern stark an einen der ersten Entw\u00fcrfe des Klimaschutzplans 2050 des BMU. Schlie\u00dflich wurde jedoch in Deutschland auf Technologieverbote verzichtet und auf eine L\u00f6sung durch den Markt gesetzt. Verschiedene Studien haben gezeigt, dass Gas eine notwendige Voraussetzung zur Erreichung der CO<sub>2<\/sub> Ziele und ma\u00dfgeblich f\u00fcr die vollst\u00e4ndige Integration der erneuerbaren Energien ist. Dar\u00fcber hinaus unterst\u00fctzt die bestehende Gasinfrastruktur das Energiesystem sowohl mit Energietransport als auch Flexibilit\u00e4t in einem zunehmend klimaneutraleren Deutschland.<\/p>\n<p>enervis bietet hierzu eine&nbsp;<a href=\"mailto:dana.engelhardt@enervis.de?subject=Referenzstudie%20Sektorenkopplung\">Referenzstudie Sektorenkopplung<\/a> an, die sich mit den Auswirkungen der Klimaziele auf Gasverteilnetze vor dem Hintergrund der nationalen Entwicklungen auseinandersetzt.<\/p>\n<p>Es besteht die M\u00f6glichkeit, dass das Modell \u201eTechnologieverbot\u201c der Niederlande auch auf die deutschen L-Gasgebiete \u00fcbertragen und somit der technologieoffene Ansatz, aufgrund der angespannten Versorgungslage im L-Gas, aufgegeben wird und schlussendlich auch auf den H-Gasmarkt ausgeweitet werden k\u00f6nnte.<\/p>\n<p><strong><span style=\"color: #e98300;\">Auswirkungen auf den L-Gasmarkt<\/span><br \/>\n<\/strong><\/p>\n<p>Die Auswirkungen auf den L-Gasmarkt sind auch ohne solche Ma\u00dfnahmen bereits massiv. Neben den Ma\u00dfnahmen in den Niederlanden sind auch Deutschland, Belgien und Frankreich bestrebt, den Verbrauch an L-Gas zu reduzieren. Bereits vor den neuerlichen F\u00f6rderk\u00fcrzungen war in Deutschland die einhellige Marktmeinung, dass bei der Marktraumumstellung auf H-Gas keine Reserven mehr bestehen. Um die zuk\u00fcnftige Entwicklung besser einsch\u00e4tzen zu k\u00f6nnen, hat enervis alle geplanten Ma\u00dfnahmen und die Mengenbilanzen f\u00fcr den L-Gasmarkt der n\u00e4chsten Jahre einem Stresstest unterzogen. Welche Auswirkungen die Produktionsk\u00fcrzungen und kompensierenden Ma\u00dfnahmen auf die Versorgungssicherheit in verschiedenen Szenarien haben, lesen Sie in unserem <a href=\"mailto:dana.engelhardt@enervis.de?subject=L-Gas%20FactSheet\" target=\"_blank\" rel=\"noopener\">L-Gas FactSheet<\/a>.<\/p>\n<p><strong><span style=\"color: #e98300;\">Weitere Informationen bei der Kontaktperson:<br \/>\n<\/span><\/strong> <span id=\"cloakfc020d48e45a7758f5db229491bd6d6c\"><a href=\"mailto:sebastian.klein@enervis.de\">Sebastian Klein<\/a><\/span><span id=\"cloakaed59e3a07d38e108eedab2bb54c2531\"><a href=\"mailto:Nicolai.Herrmann@enervis.de\"><br \/>\n<\/a><\/span><br \/>\nNachdruck oder Ver\u00f6ffentlichung, ganz oder teilweise, nur mit schriftlicher Zustimmung der enervis energy advisors GmbH.<br \/>\nEs wird keinerlei Gew\u00e4hr f\u00fcr die Richtigkeit, Aktualit\u00e4t oder Vollst\u00e4ndigkeit der hier bereitgestellten Informationen \u00fcbernommen.<\/p>\n","protected":false},"excerpt":{"rendered":"<p>English: Im Januar bebte die Erde in Groningen, anschlie\u00dfend die Gaswirtschaft. Der Ausstieg aus dem L-Gas kommt schneller als urspr\u00fcnglich erwartet und wird je nach Ausgestaltung und Erfolg den L- Gasmarkt oder die gesamte Gaswirtschaft betreffen. Die niederl\u00e4ndische Regierung hat F\u00f6rderk\u00fcrzungen in Groningen beschlossen und s\u00e4mtliche Verbrauchs- und Produktionsl\u00e4nder m\u00fcssen ihren Beitrag zur Kompensation leisten. [&hellip;]<\/p>\n","protected":false},"author":8,"featured_media":0,"comment_status":"closed","ping_status":"closed","sticky":false,"template":"","format":"standard","meta":{"_acf_changed":false,"footnotes":""},"categories":[6],"tags":[],"class_list":["post-4782","post","type-post","status-publish","format-standard","hentry","category-uncategorized"],"acf":[],"yoast_head":"<!-- This site is optimized with the Yoast SEO plugin v27.5 - https:\/\/yoast.com\/product\/yoast-seo-wordpress\/ -->\n<title>Post-Groningen \u00c4ra schneller als erwartet EN - enervis<\/title>\n<meta name=\"robots\" content=\"index, follow, max-snippet:-1, max-image-preview:large, max-video-preview:-1\" \/>\n<link rel=\"canonical\" href=\"https:\/\/enervis.de\/en\/post-groningen-aera-schneller-als-erwartet-2\/\" \/>\n<meta property=\"og:locale\" content=\"en_US\" \/>\n<meta property=\"og:type\" content=\"article\" \/>\n<meta property=\"og:title\" content=\"Post-Groningen \u00c4ra schneller als erwartet EN - enervis\" \/>\n<meta property=\"og:description\" content=\"English: Im Januar bebte die Erde in Groningen, anschlie\u00dfend die Gaswirtschaft. Der Ausstieg aus dem L-Gas kommt schneller als urspr\u00fcnglich erwartet und wird je nach Ausgestaltung und Erfolg den L- Gasmarkt oder die gesamte Gaswirtschaft betreffen. Die niederl\u00e4ndische Regierung hat F\u00f6rderk\u00fcrzungen in Groningen beschlossen und s\u00e4mtliche Verbrauchs- und Produktionsl\u00e4nder m\u00fcssen ihren Beitrag zur Kompensation leisten. [&hellip;]\" \/>\n<meta property=\"og:url\" content=\"https:\/\/enervis.de\/en\/post-groningen-aera-schneller-als-erwartet-2\/\" \/>\n<meta property=\"og:site_name\" content=\"enervis\" \/>\n<meta property=\"article:published_time\" content=\"2018-04-27T11:45:03+00:00\" \/>\n<meta property=\"article:modified_time\" content=\"2022-04-28T09:35:19+00:00\" \/>\n<meta property=\"og:image\" content=\"https:\/\/enervis.de\/wp-content\/uploads\/2018\/04\/LGAS-NEU.jpg\" \/>\n<meta name=\"author\" content=\"Dana Engelhardt\" \/>\n<meta name=\"twitter:card\" content=\"summary_large_image\" \/>\n<meta name=\"twitter:label1\" content=\"Written by\" \/>\n\t<meta name=\"twitter:data1\" content=\"Dana Engelhardt\" \/>\n\t<meta name=\"twitter:label2\" content=\"Est. reading time\" \/>\n\t<meta name=\"twitter:data2\" content=\"5 minutes\" \/>\n<script type=\"application\/ld+json\" class=\"yoast-schema-graph\">{\"@context\":\"https:\\\/\\\/schema.org\",\"@graph\":[{\"@type\":\"Article\",\"@id\":\"https:\\\/\\\/enervis.de\\\/en\\\/post-groningen-aera-schneller-als-erwartet-2\\\/#article\",\"isPartOf\":{\"@id\":\"https:\\\/\\\/enervis.de\\\/en\\\/post-groningen-aera-schneller-als-erwartet-2\\\/\"},\"author\":{\"name\":\"Dana Engelhardt\",\"@id\":\"https:\\\/\\\/enervis.de\\\/en\\\/#\\\/schema\\\/person\\\/312a86344896131c4d33c66c1914a53f\"},\"headline\":\"Post-Groningen \u00c4ra schneller als erwartet EN\",\"datePublished\":\"2018-04-27T11:45:03+00:00\",\"dateModified\":\"2022-04-28T09:35:19+00:00\",\"mainEntityOfPage\":{\"@id\":\"https:\\\/\\\/enervis.de\\\/en\\\/post-groningen-aera-schneller-als-erwartet-2\\\/\"},\"wordCount\":947,\"publisher\":{\"@id\":\"https:\\\/\\\/enervis.de\\\/en\\\/#organization\"},\"image\":{\"@id\":\"https:\\\/\\\/enervis.de\\\/en\\\/post-groningen-aera-schneller-als-erwartet-2\\\/#primaryimage\"},\"thumbnailUrl\":\"https:\\\/\\\/enervis.de\\\/wp-content\\\/uploads\\\/2018\\\/04\\\/LGAS-NEU.jpg\",\"inLanguage\":\"en-US\"},{\"@type\":\"WebPage\",\"@id\":\"https:\\\/\\\/enervis.de\\\/en\\\/post-groningen-aera-schneller-als-erwartet-2\\\/\",\"url\":\"https:\\\/\\\/enervis.de\\\/en\\\/post-groningen-aera-schneller-als-erwartet-2\\\/\",\"name\":\"Post-Groningen \u00c4ra schneller als erwartet EN - enervis\",\"isPartOf\":{\"@id\":\"https:\\\/\\\/enervis.de\\\/en\\\/#website\"},\"primaryImageOfPage\":{\"@id\":\"https:\\\/\\\/enervis.de\\\/en\\\/post-groningen-aera-schneller-als-erwartet-2\\\/#primaryimage\"},\"image\":{\"@id\":\"https:\\\/\\\/enervis.de\\\/en\\\/post-groningen-aera-schneller-als-erwartet-2\\\/#primaryimage\"},\"thumbnailUrl\":\"https:\\\/\\\/enervis.de\\\/wp-content\\\/uploads\\\/2018\\\/04\\\/LGAS-NEU.jpg\",\"datePublished\":\"2018-04-27T11:45:03+00:00\",\"dateModified\":\"2022-04-28T09:35:19+00:00\",\"breadcrumb\":{\"@id\":\"https:\\\/\\\/enervis.de\\\/en\\\/post-groningen-aera-schneller-als-erwartet-2\\\/#breadcrumb\"},\"inLanguage\":\"en-US\",\"potentialAction\":[{\"@type\":\"ReadAction\",\"target\":[\"https:\\\/\\\/enervis.de\\\/en\\\/post-groningen-aera-schneller-als-erwartet-2\\\/\"]}]},{\"@type\":\"ImageObject\",\"inLanguage\":\"en-US\",\"@id\":\"https:\\\/\\\/enervis.de\\\/en\\\/post-groningen-aera-schneller-als-erwartet-2\\\/#primaryimage\",\"url\":\"https:\\\/\\\/enervis.de\\\/wp-content\\\/uploads\\\/2018\\\/04\\\/LGAS-NEU.jpg\",\"contentUrl\":\"https:\\\/\\\/enervis.de\\\/wp-content\\\/uploads\\\/2018\\\/04\\\/LGAS-NEU.jpg\"},{\"@type\":\"BreadcrumbList\",\"@id\":\"https:\\\/\\\/enervis.de\\\/en\\\/post-groningen-aera-schneller-als-erwartet-2\\\/#breadcrumb\",\"itemListElement\":[{\"@type\":\"ListItem\",\"position\":1,\"name\":\"Startseite\",\"item\":\"https:\\\/\\\/enervis.de\\\/en\\\/\"},{\"@type\":\"ListItem\",\"position\":2,\"name\":\"Post-Groningen \u00c4ra schneller als erwartet EN\"}]},{\"@type\":\"WebSite\",\"@id\":\"https:\\\/\\\/enervis.de\\\/en\\\/#website\",\"url\":\"https:\\\/\\\/enervis.de\\\/en\\\/\",\"name\":\"enervis\",\"description\":\"enervis energy advisors GmbH\",\"publisher\":{\"@id\":\"https:\\\/\\\/enervis.de\\\/en\\\/#organization\"},\"potentialAction\":[{\"@type\":\"SearchAction\",\"target\":{\"@type\":\"EntryPoint\",\"urlTemplate\":\"https:\\\/\\\/enervis.de\\\/en\\\/?s={search_term_string}\"},\"query-input\":{\"@type\":\"PropertyValueSpecification\",\"valueRequired\":true,\"valueName\":\"search_term_string\"}}],\"inLanguage\":\"en-US\"},{\"@type\":\"Organization\",\"@id\":\"https:\\\/\\\/enervis.de\\\/en\\\/#organization\",\"name\":\"enervis\",\"url\":\"https:\\\/\\\/enervis.de\\\/en\\\/\",\"logo\":{\"@type\":\"ImageObject\",\"inLanguage\":\"en-US\",\"@id\":\"https:\\\/\\\/enervis.de\\\/en\\\/#\\\/schema\\\/logo\\\/image\\\/\",\"url\":\"https:\\\/\\\/enervis.de\\\/wp-content\\\/uploads\\\/2021\\\/12\\\/enervis_logo.png\",\"contentUrl\":\"https:\\\/\\\/enervis.de\\\/wp-content\\\/uploads\\\/2021\\\/12\\\/enervis_logo.png\",\"width\":289,\"height\":91,\"caption\":\"enervis\"},\"image\":{\"@id\":\"https:\\\/\\\/enervis.de\\\/en\\\/#\\\/schema\\\/logo\\\/image\\\/\"}},{\"@type\":\"Person\",\"@id\":\"https:\\\/\\\/enervis.de\\\/en\\\/#\\\/schema\\\/person\\\/312a86344896131c4d33c66c1914a53f\",\"name\":\"Dana Engelhardt\",\"image\":{\"@type\":\"ImageObject\",\"inLanguage\":\"en-US\",\"@id\":\"https:\\\/\\\/secure.gravatar.com\\\/avatar\\\/dd10992bb9fd1c8f7e29d68033c85fefdde9ebeaf29cbae91de6e549ee261e8c?s=96&d=mm&r=g\",\"url\":\"https:\\\/\\\/secure.gravatar.com\\\/avatar\\\/dd10992bb9fd1c8f7e29d68033c85fefdde9ebeaf29cbae91de6e549ee261e8c?s=96&d=mm&r=g\",\"contentUrl\":\"https:\\\/\\\/secure.gravatar.com\\\/avatar\\\/dd10992bb9fd1c8f7e29d68033c85fefdde9ebeaf29cbae91de6e549ee261e8c?s=96&d=mm&r=g\",\"caption\":\"Dana Engelhardt\"},\"url\":\"https:\\\/\\\/enervis.de\\\/en\\\/author\\\/dana\\\/\"}]}<\/script>\n<!-- \/ Yoast SEO plugin. -->","yoast_head_json":{"title":"Post-Groningen \u00c4ra schneller als erwartet EN - enervis","robots":{"index":"index","follow":"follow","max-snippet":"max-snippet:-1","max-image-preview":"max-image-preview:large","max-video-preview":"max-video-preview:-1"},"canonical":"https:\/\/enervis.de\/en\/post-groningen-aera-schneller-als-erwartet-2\/","og_locale":"en_US","og_type":"article","og_title":"Post-Groningen \u00c4ra schneller als erwartet EN - enervis","og_description":"English: Im Januar bebte die Erde in Groningen, anschlie\u00dfend die Gaswirtschaft. Der Ausstieg aus dem L-Gas kommt schneller als urspr\u00fcnglich erwartet und wird je nach Ausgestaltung und Erfolg den L- Gasmarkt oder die gesamte Gaswirtschaft betreffen. Die niederl\u00e4ndische Regierung hat F\u00f6rderk\u00fcrzungen in Groningen beschlossen und s\u00e4mtliche Verbrauchs- und Produktionsl\u00e4nder m\u00fcssen ihren Beitrag zur Kompensation leisten. [&hellip;]","og_url":"https:\/\/enervis.de\/en\/post-groningen-aera-schneller-als-erwartet-2\/","og_site_name":"enervis","article_published_time":"2018-04-27T11:45:03+00:00","article_modified_time":"2022-04-28T09:35:19+00:00","og_image":[{"url":"https:\/\/enervis.de\/wp-content\/uploads\/2018\/04\/LGAS-NEU.jpg","type":"","width":"","height":""}],"author":"Dana Engelhardt","twitter_card":"summary_large_image","twitter_misc":{"Written by":"Dana Engelhardt","Est. reading time":"5 minutes"},"schema":{"@context":"https:\/\/schema.org","@graph":[{"@type":"Article","@id":"https:\/\/enervis.de\/en\/post-groningen-aera-schneller-als-erwartet-2\/#article","isPartOf":{"@id":"https:\/\/enervis.de\/en\/post-groningen-aera-schneller-als-erwartet-2\/"},"author":{"name":"Dana Engelhardt","@id":"https:\/\/enervis.de\/en\/#\/schema\/person\/312a86344896131c4d33c66c1914a53f"},"headline":"Post-Groningen \u00c4ra schneller als erwartet EN","datePublished":"2018-04-27T11:45:03+00:00","dateModified":"2022-04-28T09:35:19+00:00","mainEntityOfPage":{"@id":"https:\/\/enervis.de\/en\/post-groningen-aera-schneller-als-erwartet-2\/"},"wordCount":947,"publisher":{"@id":"https:\/\/enervis.de\/en\/#organization"},"image":{"@id":"https:\/\/enervis.de\/en\/post-groningen-aera-schneller-als-erwartet-2\/#primaryimage"},"thumbnailUrl":"https:\/\/enervis.de\/wp-content\/uploads\/2018\/04\/LGAS-NEU.jpg","inLanguage":"en-US"},{"@type":"WebPage","@id":"https:\/\/enervis.de\/en\/post-groningen-aera-schneller-als-erwartet-2\/","url":"https:\/\/enervis.de\/en\/post-groningen-aera-schneller-als-erwartet-2\/","name":"Post-Groningen \u00c4ra schneller als erwartet EN - enervis","isPartOf":{"@id":"https:\/\/enervis.de\/en\/#website"},"primaryImageOfPage":{"@id":"https:\/\/enervis.de\/en\/post-groningen-aera-schneller-als-erwartet-2\/#primaryimage"},"image":{"@id":"https:\/\/enervis.de\/en\/post-groningen-aera-schneller-als-erwartet-2\/#primaryimage"},"thumbnailUrl":"https:\/\/enervis.de\/wp-content\/uploads\/2018\/04\/LGAS-NEU.jpg","datePublished":"2018-04-27T11:45:03+00:00","dateModified":"2022-04-28T09:35:19+00:00","breadcrumb":{"@id":"https:\/\/enervis.de\/en\/post-groningen-aera-schneller-als-erwartet-2\/#breadcrumb"},"inLanguage":"en-US","potentialAction":[{"@type":"ReadAction","target":["https:\/\/enervis.de\/en\/post-groningen-aera-schneller-als-erwartet-2\/"]}]},{"@type":"ImageObject","inLanguage":"en-US","@id":"https:\/\/enervis.de\/en\/post-groningen-aera-schneller-als-erwartet-2\/#primaryimage","url":"https:\/\/enervis.de\/wp-content\/uploads\/2018\/04\/LGAS-NEU.jpg","contentUrl":"https:\/\/enervis.de\/wp-content\/uploads\/2018\/04\/LGAS-NEU.jpg"},{"@type":"BreadcrumbList","@id":"https:\/\/enervis.de\/en\/post-groningen-aera-schneller-als-erwartet-2\/#breadcrumb","itemListElement":[{"@type":"ListItem","position":1,"name":"Startseite","item":"https:\/\/enervis.de\/en\/"},{"@type":"ListItem","position":2,"name":"Post-Groningen \u00c4ra schneller als erwartet EN"}]},{"@type":"WebSite","@id":"https:\/\/enervis.de\/en\/#website","url":"https:\/\/enervis.de\/en\/","name":"enervis","description":"enervis energy advisors GmbH","publisher":{"@id":"https:\/\/enervis.de\/en\/#organization"},"potentialAction":[{"@type":"SearchAction","target":{"@type":"EntryPoint","urlTemplate":"https:\/\/enervis.de\/en\/?s={search_term_string}"},"query-input":{"@type":"PropertyValueSpecification","valueRequired":true,"valueName":"search_term_string"}}],"inLanguage":"en-US"},{"@type":"Organization","@id":"https:\/\/enervis.de\/en\/#organization","name":"enervis","url":"https:\/\/enervis.de\/en\/","logo":{"@type":"ImageObject","inLanguage":"en-US","@id":"https:\/\/enervis.de\/en\/#\/schema\/logo\/image\/","url":"https:\/\/enervis.de\/wp-content\/uploads\/2021\/12\/enervis_logo.png","contentUrl":"https:\/\/enervis.de\/wp-content\/uploads\/2021\/12\/enervis_logo.png","width":289,"height":91,"caption":"enervis"},"image":{"@id":"https:\/\/enervis.de\/en\/#\/schema\/logo\/image\/"}},{"@type":"Person","@id":"https:\/\/enervis.de\/en\/#\/schema\/person\/312a86344896131c4d33c66c1914a53f","name":"Dana Engelhardt","image":{"@type":"ImageObject","inLanguage":"en-US","@id":"https:\/\/secure.gravatar.com\/avatar\/dd10992bb9fd1c8f7e29d68033c85fefdde9ebeaf29cbae91de6e549ee261e8c?s=96&d=mm&r=g","url":"https:\/\/secure.gravatar.com\/avatar\/dd10992bb9fd1c8f7e29d68033c85fefdde9ebeaf29cbae91de6e549ee261e8c?s=96&d=mm&r=g","contentUrl":"https:\/\/secure.gravatar.com\/avatar\/dd10992bb9fd1c8f7e29d68033c85fefdde9ebeaf29cbae91de6e549ee261e8c?s=96&d=mm&r=g","caption":"Dana Engelhardt"},"url":"https:\/\/enervis.de\/en\/author\/dana\/"}]}},"_links":{"self":[{"href":"https:\/\/enervis.de\/en\/wp-json\/wp\/v2\/posts\/4782","targetHints":{"allow":["GET"]}}],"collection":[{"href":"https:\/\/enervis.de\/en\/wp-json\/wp\/v2\/posts"}],"about":[{"href":"https:\/\/enervis.de\/en\/wp-json\/wp\/v2\/types\/post"}],"author":[{"embeddable":true,"href":"https:\/\/enervis.de\/en\/wp-json\/wp\/v2\/users\/8"}],"replies":[{"embeddable":true,"href":"https:\/\/enervis.de\/en\/wp-json\/wp\/v2\/comments?post=4782"}],"version-history":[{"count":0,"href":"https:\/\/enervis.de\/en\/wp-json\/wp\/v2\/posts\/4782\/revisions"}],"wp:attachment":[{"href":"https:\/\/enervis.de\/en\/wp-json\/wp\/v2\/media?parent=4782"}],"wp:term":[{"taxonomy":"category","embeddable":true,"href":"https:\/\/enervis.de\/en\/wp-json\/wp\/v2\/categories?post=4782"},{"taxonomy":"post_tag","embeddable":true,"href":"https:\/\/enervis.de\/en\/wp-json\/wp\/v2\/tags?post=4782"}],"curies":[{"name":"wp","href":"https:\/\/api.w.org\/{rel}","templated":true}]}}